{"id":211,"date":"2025-10-30T14:39:50","date_gmt":"2025-10-30T13:39:50","guid":{"rendered":"https:\/\/aulamoscati.org\/?p=211"},"modified":"2025-11-07T15:08:04","modified_gmt":"2025-11-07T14:08:04","slug":"tercera-sesion-del-aula-moscati","status":"publish","type":"post","link":"https:\/\/aulamoscati.org\/?p=211","title":{"rendered":"Tercera sesi\u00f3n del Aula Moscati"},"content":{"rendered":"\n<p>El pasado 16 de octubre se llev\u00f3 a cabo la tercera sesi\u00f3n del Aula Moscati en el sal\u00f3n de actos del Real Colegio de M\u00e9dicos de Sevilla.<\/p>\n\n\n\n<p>En esta ocasi\u00f3n el tema que convocaba al acto era \u00abEl bien no tiene fronteras\u00bb, adem\u00e1s de la emotiva presentacion del cuadro de San Jos\u00e9 Moscati obra del pintor C\u00e9sar Ram\u00edrez Mart\u00ednez.<\/p>\n\n\n\n<figure class=\"wp-block-image size-large\"><img loading=\"lazy\" decoding=\"async\" width=\"1024\" height=\"582\" src=\"https:\/\/aulamoscati.org\/wp-content\/uploads\/2025\/10\/20251016-Presentacion-cuadro-Moscati-2-1024x582.png\" alt=\"\" class=\"wp-image-212\" srcset=\"https:\/\/aulamoscati.org\/wp-content\/uploads\/2025\/10\/20251016-Presentacion-cuadro-Moscati-2-1024x582.png 1024w, https:\/\/aulamoscati.org\/wp-content\/uploads\/2025\/10\/20251016-Presentacion-cuadro-Moscati-2-300x171.png 300w, https:\/\/aulamoscati.org\/wp-content\/uploads\/2025\/10\/20251016-Presentacion-cuadro-Moscati-2-768x437.png 768w, https:\/\/aulamoscati.org\/wp-content\/uploads\/2025\/10\/20251016-Presentacion-cuadro-Moscati-2.png 1536w\" sizes=\"auto, (max-width: 1024px) 100vw, 1024px\" \/><figcaption class=\"wp-element-caption\">Presentaci\u00f3n del cuadro \u00abSan Jos\u00e9 Moscati, m\u00e9dico de cuerpo y alma\u00bb<\/figcaption><\/figure>\n\n\n\n<p>Como ya es tradicional, la sesi\u00f3n comenz\u00f3 con la oraci\u00f3n del m\u00e9dico santo dirigida por Francisco Rom\u00e1n, p\u00e1rroco de la Magdalena.<\/p>\n\n\n\n<p>La apertura del acto fue realizada por el Dr. Francisco Trujillo, que present\u00f3 a los ponentes y pas\u00f3 la palabra a Gloria L\u00f3pez Campo, vocal de Medicina Primaria del Real Colegio de M\u00e9dicos, que dio una c\u00e1lida bienvenida a los presentes. Tras la intervenci\u00f3n de Eduardo Castillo, Hermano Mayor de la Hermandad del Silencio, se llev\u00f3 a cabo la presentaci\u00f3n del cuadro de t\u00edtulo \u00abSan Jos\u00e9 Moscati, m\u00e9dico de cuerpo y alma\u00bb por parte de su autor, C\u00e9sar Ram\u00edrez Mart\u00ednez, a trav\u00e9s de una c\u00e1lida historia que llev\u00f3 a los presentes desde N\u00e1poles a Sevilla de la mano de San Jos\u00e9 Moscati.<\/p>\n\n\n\n<p>La sesi\u00f3n continu\u00f3 con una semblanza de Albert Schweitzer, premio Nobel de la Paz en 1952, titulada \u00abDe la m\u00edstica a la pr\u00e1ctica m\u00e9dica\u00bb. La disertaci\u00f3n fue realizada por Jos\u00e9 Joaqu\u00edn Jim\u00e9nez Silva, te\u00f3logo y Pastor Evangelista. En la semblanza destac\u00f3, entre otras cosas, el puente que Albert Schweitzer tendi\u00f3 entre la ciencia y la Fe.<\/p>\n\n\n\n<p>Finalmente se dio paso al interesant\u00edsimo coloquio \u00abEl bien no tiene fronteras\u00bb, que moderado por el periodista Francisco Correal permiti\u00f3 a los presentes disfrutar de las experiencias y conocimientos de Tom\u00e1s Torres Urbano, Oftalm\u00f3logo y Cooperador Internacional, y de Beatriz Lorenzo L\u00f3pez, Cardi\u00f3loga y tambi\u00e9n Coopradora Internacional.<\/p>\n\n\n\n<p>La clausura de la sesi\u00f3n corri\u00f3 a cargo del Dr. Francisco Trujillo, emplazando a todos a asistir a la pr\u00f3xima sesion del Aula Moscati a principios del pr\u00f3ximo a\u00f1o 2026.<\/p>\n\n\n\n<figure class=\"wp-block-embed is-type-video is-provider-youtube wp-block-embed-youtube wp-embed-aspect-16-9 wp-has-aspect-ratio\"><div class=\"wp-block-embed__wrapper\">\n<iframe loading=\"lazy\" title=\"Aula Moscati  3a sesion - El bien no tiene fronteras\" width=\"500\" height=\"281\" src=\"https:\/\/www.youtube.com\/embed\/Jez3iTFFx1M?feature=oembed\" frameborder=\"0\" allow=\"accelerometer; autoplay; clipboard-write; encrypted-media; gyroscope; picture-in-picture; web-share\" referrerpolicy=\"strict-origin-when-cross-origin\" allowfullscreen><\/iframe>\n<\/div><figcaption class=\"wp-element-caption\">Video completo de la tercera sesi\u00f3n del Aula Moscati<\/figcaption><\/figure>\n\n\n\n<figure class=\"wp-block-image size-large\"><img loading=\"lazy\" decoding=\"async\" width=\"720\" height=\"1024\" src=\"https:\/\/aulamoscati.org\/wp-content\/uploads\/2025\/10\/Aula-Moscati-3a-sesion-Cartel-720x1024.jpg\" alt=\"\" class=\"wp-image-213\" srcset=\"https:\/\/aulamoscati.org\/wp-content\/uploads\/2025\/10\/Aula-Moscati-3a-sesion-Cartel-720x1024.jpg 720w, https:\/\/aulamoscati.org\/wp-content\/uploads\/2025\/10\/Aula-Moscati-3a-sesion-Cartel-211x300.jpg 211w, https:\/\/aulamoscati.org\/wp-content\/uploads\/2025\/10\/Aula-Moscati-3a-sesion-Cartel-768x1093.jpg 768w, https:\/\/aulamoscati.org\/wp-content\/uploads\/2025\/10\/Aula-Moscati-3a-sesion-Cartel-1079x1536.jpg 1079w, https:\/\/aulamoscati.org\/wp-content\/uploads\/2025\/10\/Aula-Moscati-3a-sesion-Cartel.jpg 1439w\" sizes=\"auto, (max-width: 720px) 100vw, 720px\" \/><figcaption class=\"wp-element-caption\">Cartel de la tercera sesi\u00f3n del Aula Moscati<\/figcaption><\/figure>\n","protected":false},"excerpt":{"rendered":"<p>El pasado 16 de octubre se llev\u00f3 a cabo la tercera sesi\u00f3n del Aula Moscati en el sal\u00f3n de actos del Real Colegio de M\u00e9dicos de Sevilla. En esta ocasi\u00f3n el tema que convocaba al acto era \u00abEl bien no tiene fronteras\u00bb, adem\u00e1s de la emotiva presentacion del cuadro de San Jos\u00e9 Moscati obra del pintor C\u00e9sar Ram\u00edrez Mart\u00ednez.<\/p>\n","protected":false},"author":1,"featured_media":221,"comment_status":"closed","ping_status":"closed","sticky":false,"template":"","format":"standard","meta":{"footnotes":""},"categories":[3],"tags":[],"class_list":["post-211","post","type-post","status-publish","format-standard","has-post-thumbnail","hentry","category-sesiones"],"_links":{"self":[{"href":"https:\/\/aulamoscati.org\/index.php?rest_route=\/wp\/v2\/posts\/211","targetHints":{"allow":["GET"]}}],"collection":[{"href":"https:\/\/aulamoscati.org\/index.php?rest_route=\/wp\/v2\/posts"}],"about":[{"href":"https:\/\/aulamoscati.org\/index.php?rest_route=\/wp\/v2\/types\/post"}],"author":[{"embeddable":true,"href":"https:\/\/aulamoscati.org\/index.php?rest_route=\/wp\/v2\/users\/1"}],"replies":[{"embeddable":true,"href":"https:\/\/aulamoscati.org\/index.php?rest_route=%2Fwp%2Fv2%2Fcomments&post=211"}],"version-history":[{"count":4,"href":"https:\/\/aulamoscati.org\/index.php?rest_route=\/wp\/v2\/posts\/211\/revisions"}],"predecessor-version":[{"id":223,"href":"https:\/\/aulamoscati.org\/index.php?rest_route=\/wp\/v2\/posts\/211\/revisions\/223"}],"wp:featuredmedia":[{"embeddable":true,"href":"https:\/\/aulamoscati.org\/index.php?rest_route=\/wp\/v2\/media\/221"}],"wp:attachment":[{"href":"https:\/\/aulamoscati.org\/index.php?rest_route=%2Fwp%2Fv2%2Fmedia&parent=211"}],"wp:term":[{"taxonomy":"category","embeddable":true,"href":"https:\/\/aulamoscati.org\/index.php?rest_route=%2Fwp%2Fv2%2Fcategories&post=211"},{"taxonomy":"post_tag","embeddable":true,"href":"https:\/\/aulamoscati.org\/index.php?rest_route=%2Fwp%2Fv2%2Ftags&post=211"}],"curies":[{"name":"wp","href":"https:\/\/api.w.org\/{rel}","templated":true}]}}