{"id":52,"date":"2025-08-14T12:56:43","date_gmt":"2025-08-14T10:56:43","guid":{"rendered":"https:\/\/aulamoscati.org\/?p=52"},"modified":"2025-08-17T13:13:06","modified_gmt":"2025-08-17T11:13:06","slug":"segunda-sesion-del-aula-moscati","status":"publish","type":"post","link":"https:\/\/aulamoscati.org\/?p=52","title":{"rendered":"Segunda sesi\u00f3n del Aula Moscati"},"content":{"rendered":"\n<p>La segunda sesi\u00f3n del Aula Moscati, titulada \u00abAqu\u00ed cabemos todos. S\u00edndrome de Down y Eugenesia\u201d, congreg\u00f3 el pasado 15 de mayo de 2025 a m\u00e1s de 200 personas en el sal\u00f3n de actos de la Capitan\u00eda General en la Plaza de Espa\u00f1a de Sevilla.<\/p>\n\n\n\n<p>El encuentro ten\u00eda como objetivo transmitir una idea muy sencilla, a trav\u00e9s de los testimonios de los ponentes: Todos nacemos con la dignidad que, por definici\u00f3n, tiene el ser humano. Y no hay nada que nos reste un \u00e1pice de ese derecho a ser, estar y existir.<\/p>\n\n\n\n<p>Tras la oraci\u00f3n inicial -dirigida por el p\u00e1rroco de la Magdalena, Francisco Rom\u00e1n\u2013 y la intervenci\u00f3n del decano de la Facultad de Ciencias de la Salud y la Vida, Felipe Mart\u00ednez Alcal\u00e1, dando la bienvenida a los asistentes, tom\u00f3 la palabra Pilar Garc\u00eda Fern\u00e1ndez, directora de la Fundaci\u00f3n J\u00e9r\u00f4me Lejeune, instituci\u00f3n dedicada a la investigaci\u00f3n y protecci\u00f3n de personas con discapacidad intelectual de origen gen\u00e9tico.<\/p>\n\n\n\n<figure class=\"wp-block-image size-large\"><img loading=\"lazy\" decoding=\"async\" width=\"1024\" height=\"720\" src=\"https:\/\/aulamoscati.org\/wp-content\/uploads\/2025\/08\/aula-moscati-pilar-garcia-sindrome-down-1024x720.jpg\" alt=\"\" class=\"wp-image-53\" srcset=\"https:\/\/aulamoscati.org\/wp-content\/uploads\/2025\/08\/aula-moscati-pilar-garcia-sindrome-down-1024x720.jpg 1024w, https:\/\/aulamoscati.org\/wp-content\/uploads\/2025\/08\/aula-moscati-pilar-garcia-sindrome-down-300x211.jpg 300w, https:\/\/aulamoscati.org\/wp-content\/uploads\/2025\/08\/aula-moscati-pilar-garcia-sindrome-down-768x540.jpg 768w, https:\/\/aulamoscati.org\/wp-content\/uploads\/2025\/08\/aula-moscati-pilar-garcia-sindrome-down-1536x1080.jpg 1536w, https:\/\/aulamoscati.org\/wp-content\/uploads\/2025\/08\/aula-moscati-pilar-garcia-sindrome-down.jpg 1920w\" sizes=\"auto, (max-width: 1024px) 100vw, 1024px\" \/><\/figure>\n\n\n\n<p>A continuaci\u00f3n, tuvo lugar el coloquio en el que Vicente del Bosque -ex-seleccionador nacional- y Mariana de Ugarte -autora del libro \u00ab2\u00d721. La felicidad no entiende de cromosomas\u00bb- compartieron su experiencia como padres de ni\u00f1os con S\u00edndrome de Down.<\/p>\n\n\n\n<figure class=\"wp-block-image size-large\"><img loading=\"lazy\" decoding=\"async\" width=\"1024\" height=\"720\" src=\"https:\/\/aulamoscati.org\/wp-content\/uploads\/2025\/08\/aula-moscati-vicente-del-bosque-sindrome-down-1024x720.jpg\" alt=\"\" class=\"wp-image-54\" srcset=\"https:\/\/aulamoscati.org\/wp-content\/uploads\/2025\/08\/aula-moscati-vicente-del-bosque-sindrome-down-1024x720.jpg 1024w, https:\/\/aulamoscati.org\/wp-content\/uploads\/2025\/08\/aula-moscati-vicente-del-bosque-sindrome-down-300x211.jpg 300w, https:\/\/aulamoscati.org\/wp-content\/uploads\/2025\/08\/aula-moscati-vicente-del-bosque-sindrome-down-768x540.jpg 768w, https:\/\/aulamoscati.org\/wp-content\/uploads\/2025\/08\/aula-moscati-vicente-del-bosque-sindrome-down-1536x1080.jpg 1536w, https:\/\/aulamoscati.org\/wp-content\/uploads\/2025\/08\/aula-moscati-vicente-del-bosque-sindrome-down.jpg 1920w\" sizes=\"auto, (max-width: 1024px) 100vw, 1024px\" \/><\/figure>\n\n\n\n<figure class=\"wp-block-embed is-type-video is-provider-youtube wp-block-embed-youtube wp-embed-aspect-16-9 wp-has-aspect-ratio\"><div class=\"wp-block-embed__wrapper\">\n<iframe loading=\"lazy\" title=\"\u201cAqu\u00ed cabemos todos. S\u00edndrome de Down y Eugenesia\u201d | Aula Moscati\" width=\"500\" height=\"281\" src=\"https:\/\/www.youtube.com\/embed\/_oRzxeFSMvM?feature=oembed\" frameborder=\"0\" allow=\"accelerometer; autoplay; clipboard-write; encrypted-media; gyroscope; picture-in-picture; web-share\" referrerpolicy=\"strict-origin-when-cross-origin\" allowfullscreen><\/iframe>\n<\/div><figcaption class=\"wp-element-caption\">Video completo de la segunda sesi\u00f3n<\/figcaption><\/figure>\n\n\n\n<figure class=\"wp-block-image size-large\"><img loading=\"lazy\" decoding=\"async\" width=\"724\" height=\"1024\" src=\"https:\/\/aulamoscati.org\/wp-content\/uploads\/2025\/08\/Cartel-Segunda-sesion-Aula-Moscati-724x1024.png\" alt=\"\" class=\"wp-image-51\" srcset=\"https:\/\/aulamoscati.org\/wp-content\/uploads\/2025\/08\/Cartel-Segunda-sesion-Aula-Moscati-724x1024.png 724w, https:\/\/aulamoscati.org\/wp-content\/uploads\/2025\/08\/Cartel-Segunda-sesion-Aula-Moscati-212x300.png 212w, https:\/\/aulamoscati.org\/wp-content\/uploads\/2025\/08\/Cartel-Segunda-sesion-Aula-Moscati-768x1086.png 768w, https:\/\/aulamoscati.org\/wp-content\/uploads\/2025\/08\/Cartel-Segunda-sesion-Aula-Moscati.png 1024w\" sizes=\"auto, (max-width: 724px) 100vw, 724px\" \/><figcaption class=\"wp-element-caption\">Cartel de la segunda sesi\u00f3n<\/figcaption><\/figure>\n\n\n\n<p><\/p>\n","protected":false},"excerpt":{"rendered":"<p>La segunda sesi\u00f3n del Aula Moscati, titulada \u00abAqu\u00ed cabemos todos. S\u00edndrome de Down y Eugenesia\u201d, congreg\u00f3 el pasado 15 de mayo de 2025 a m\u00e1s de 200 personas en el sal\u00f3n de actos de la Capitan\u00eda General en la Plaza de Espa\u00f1a de Sevilla.<\/p>\n<p>El encuentro ten\u00eda como objetivo transmitir una idea muy sencilla, a trav\u00e9s de los testimonios de los ponentes: Todos nacemos con la dignidad que, por definici\u00f3n, tiene el ser humano. Y no hay nada que nos reste un \u00e1pice de ese derecho a ser, estar y existir.<\/p>\n","protected":false},"author":1,"featured_media":56,"comment_status":"open","ping_status":"open","sticky":false,"template":"","format":"standard","meta":{"footnotes":""},"categories":[3],"tags":[],"class_list":["post-52","post","type-post","status-publish","format-standard","has-post-thumbnail","hentry","category-sesiones"],"_links":{"self":[{"href":"https:\/\/aulamoscati.org\/index.php?rest_route=\/wp\/v2\/posts\/52","targetHints":{"allow":["GET"]}}],"collection":[{"href":"https:\/\/aulamoscati.org\/index.php?rest_route=\/wp\/v2\/posts"}],"about":[{"href":"https:\/\/aulamoscati.org\/index.php?rest_route=\/wp\/v2\/types\/post"}],"author":[{"embeddable":true,"href":"https:\/\/aulamoscati.org\/index.php?rest_route=\/wp\/v2\/users\/1"}],"replies":[{"embeddable":true,"href":"https:\/\/aulamoscati.org\/index.php?rest_route=%2Fwp%2Fv2%2Fcomments&post=52"}],"version-history":[{"count":11,"href":"https:\/\/aulamoscati.org\/index.php?rest_route=\/wp\/v2\/posts\/52\/revisions"}],"predecessor-version":[{"id":130,"href":"https:\/\/aulamoscati.org\/index.php?rest_route=\/wp\/v2\/posts\/52\/revisions\/130"}],"wp:featuredmedia":[{"embeddable":true,"href":"https:\/\/aulamoscati.org\/index.php?rest_route=\/wp\/v2\/media\/56"}],"wp:attachment":[{"href":"https:\/\/aulamoscati.org\/index.php?rest_route=%2Fwp%2Fv2%2Fmedia&parent=52"}],"wp:term":[{"taxonomy":"category","embeddable":true,"href":"https:\/\/aulamoscati.org\/index.php?rest_route=%2Fwp%2Fv2%2Fcategories&post=52"},{"taxonomy":"post_tag","embeddable":true,"href":"https:\/\/aulamoscati.org\/index.php?rest_route=%2Fwp%2Fv2%2Ftags&post=52"}],"curies":[{"name":"wp","href":"https:\/\/api.w.org\/{rel}","templated":true}]}}